{"id":341,"date":"2024-05-07T14:45:20","date_gmt":"2024-05-07T14:45:20","guid":{"rendered":"https:\/\/geoisteaching.com\/?p=341"},"modified":"2025-02-21T11:02:51","modified_gmt":"2025-02-21T11:02:51","slug":"exploration-approfondie-des-verbes-en-francais-un-voyage-a-travers-les-trois-groupes-verbaux","status":"publish","type":"post","link":"https:\/\/geoisteaching.com\/?p=341","title":{"rendered":"Exploration Approfondie des Verbes en Fran\u00e7ais : Un Voyage \u00e0 Travers les Trois Groupes Verbaux"},"content":{"rendered":"<p class=\"has-brown-color has-text-color has-link-color wp-elements-2fa8768c07457c222790b3397b5e72bf\">Dans la trame de la langue fran\u00e7aise, les verbes repr\u00e9sentent les fils qui donnent vie \u00e0 chaque expression et chaque dialogue. Dans cet article, nous nous proposons d&#8217;explorer en d\u00e9tail les verbes les plus utilis\u00e9s en fran\u00e7ais, class\u00e9s dans les trois groupes verbaux, en nous concentrant particuli\u00e8rement sur le groupe 1, consid\u00e9r\u00e9 comme le plus fr\u00e9quemment utilis\u00e9.<\/p><p class=\"has-brown-color has-text-color has-link-color wp-elements-d06ca3d55a3b7ce50ae3d96676148fe5\"><strong>Groupe 1 : Les Verbes en &#8222;-er&#8221;<\/strong><\/p><p class=\"has-brown-color has-text-color has-link-color wp-elements-fd109a52ed9a52a20aa8c850772fa38f\">Le groupe 1 est sans aucun doute le plus prolifique, comprenant environ 90% des verbes fran\u00e7ais. Ces verbes sont souvent r\u00e9guliers dans leur conjugaison, facilitant ainsi leur apprentissage et leur utilisation dans les conversations quotidiennes.<\/p><p class=\"has-brown-color has-text-color has-link-color wp-elements-fe97f9fa680f6031b1cc5b65a5386204\">Dans ce groupe riche en verbes, nous d\u00e9couvrons de v\u00e9ritables joyaux de la langue fran\u00e7aise :<\/p><ol class=\"wp-block-list has-brown-color has-text-color has-link-color wp-elements-77f586e00173f04f95e61ff9382bcd9f\"><li><strong>Aimer<\/strong> &#8211; a iubi<\/li>\n\n<li><strong>Parler<\/strong> &#8211; a vorbi<\/li>\n\n<li><strong>Manger<\/strong> &#8211; a m\u00e2nca<\/li>\n\n<li><strong>Marcher<\/strong> &#8211; a merge<\/li>\n\n<li><strong>Penser<\/strong> &#8211; a g\u00e2ndi<\/li>\n\n<li><strong>\u00c9tudier<\/strong> &#8211; a studia<\/li>\n\n<li><strong>Regarder<\/strong> &#8211; a privi<\/li>\n\n<li><strong>Travailler<\/strong> &#8211; a lucra<\/li>\n\n<li><strong>Voyager<\/strong> &#8211; a c\u0103l\u0103tori<\/li>\n\n<li><strong>Jouer<\/strong> &#8211; a juca<\/li>\n\n<li><strong>\u00c9couter<\/strong> &#8211; a asculta<\/li>\n\n<li><strong>Chercher<\/strong> &#8211; a c\u0103uta<\/li>\n\n<li><strong>Trouver<\/strong> &#8211; a g\u0103si<\/li>\n\n<li><strong>Danser<\/strong> &#8211; a dansa<\/li>\n\n<li><strong>Chanter<\/strong> &#8211; a c\u00e2nta<\/li>\n\n<li><strong>R\u00eaver<\/strong> &#8211; a visa<\/li>\n\n<li><strong>Arriver<\/strong> &#8211; a ajunge<\/li>\n\n<li><strong>Raconter<\/strong> &#8211; a povesti<\/li>\n\n<li><strong>D\u00eener<\/strong> &#8211; a lua cina<\/li>\n\n<li><strong>Voter<\/strong> &#8211; a vota<\/li><\/ol><p class=\"has-brown-color has-text-color has-link-color wp-elements-d83d3d9e7dfb5fac777be8a8d63ce001\">Ces verbes sont utilis\u00e9s dans une multitude de contextes quotidiens, de la description des actions simples aux expressions d&#8217;\u00e9motions et de pens\u00e9es profondes.<\/p><p class=\"has-brown-color has-text-color has-link-color wp-elements-120eb1714cf28872d05e02e6d27990d9\"><strong>Groupe 2 : Les Verbes en &#8222;-ir&#8221;<\/strong><\/p><p class=\"has-brown-color has-text-color has-link-color wp-elements-1bc64c8e92a7f859111dfe3f647f3f22\">Les verbes du groupe 2 sont moins nombreux que ceux du groupe 1, mais ils jouent n\u00e9anmoins un r\u00f4le important dans la langue fran\u00e7aise.  Ces verbes sont souvent utilis\u00e9s pour d\u00e9crire des actions sp\u00e9cifiques ou des \u00e9tats d&#8217;esprit, et ils enrichissent la palette verbale de ceux qui les ma\u00eetrisent.<\/p><ol class=\"wp-block-list has-brown-color has-text-color has-link-color wp-elements-25673c08a05bcd999a7c932427f81f8f\"><li><strong>Finir<\/strong> &#8211; a termina<\/li>\n\n<li><strong>Choisir<\/strong> &#8211; a alege<\/li>\n\n<li><strong>R\u00e9fl\u00e9chir<\/strong> &#8211; a reflecta<\/li>\n\n<li><strong>R\u00e9ussir<\/strong> &#8211; a reu\u0219i<\/li>\n\n<li><strong>Grandir<\/strong> &#8211; a cre\u0219te<\/li>\n\n<li><strong>Agir<\/strong> &#8211; a ac\u021biona<\/li>\n\n<li><strong>R\u00e9agir<\/strong> &#8211; a reac\u021biona<\/li>\n\n<li><strong>R\u00e9fl\u00e9chir<\/strong> &#8211; a reflecta<\/li>\n\n<li><strong>B\u00e2tir<\/strong> &#8211; a construi<\/li>\n\n<li><strong>Punir<\/strong> &#8211; a pedepsi<\/li>\n\n<li><strong>Maigrir<\/strong> &#8211; a sl\u0103bi<\/li>\n\n<li><strong>Grossir<\/strong> &#8211; a se \u00eengr\u0103\u0219a<\/li>\n\n<li><strong>Vieillir<\/strong> &#8211; a \u00eemb\u0103tr\u00e2ni<\/li><\/ol><p class=\"has-brown-color has-text-color has-link-color wp-elements-302646709b74d5ec4db682a9b49d3d54\">Ces verbes, bien que moins fr\u00e9quents que ceux du groupe 1, restent indispensables dans de nombreux contextes.<\/p><p class=\"has-brown-color has-text-color has-link-color wp-elements-9494eca4f077c67add1c08e07dc78ed3\"><strong>Groupe 3 : Les Verbes Irr\u00e9guliers<\/strong><\/p><p class=\"has-brown-color has-text-color has-link-color wp-elements-b44810cce6679b25a63c7c61444c952e\">Dans le groupe 3, nous trouvons des verbes qui ne suivent pas les mod\u00e8les de conjugaison r\u00e9guliers des groupes 1 et 2. Bien qu&#8217;ils soient moins nombreux, ils sont souvent utilis\u00e9s et m\u00e9ritent notre attention.<\/p><ol class=\"wp-block-list has-brown-color has-text-color has-link-color wp-elements-c6fadd3e43d912052cf2123e2af23be2\"><li><strong>Aller<\/strong> &#8211; a merge<\/li>\n\n<li><strong>Voir<\/strong> &#8211; a vedea<\/li>\n\n<li><strong>Faire<\/strong> &#8211; a face<\/li>\n\n<li><strong>Dire<\/strong> &#8211; a spune<\/li>\n\n<li><strong>Dormir <\/strong>&#8211; a dormi<\/li>\n\n<li><strong>Pouvoir<\/strong> &#8211; a putea<\/li>\n\n<li><strong>Venir<\/strong> &#8211; a veni<\/li>\n\n<li><strong>Devoir<\/strong> &#8211; a trebui<\/li>\n\n<li><strong>Vouloir<\/strong> &#8211; a vrea<\/li>\n\n<li><strong>Savoir<\/strong> &#8211; a \u0219ti<\/li>\n\n<li><strong>Prendre<\/strong> &#8211; a lua<\/li><\/ol><p class=\"has-brown-color has-text-color has-link-color wp-elements-aa9fdee9379f6b5292a13979cf84609e\">Le groupe 3 comprend les verbes irr\u00e9guliers. Ces verbes sont souvent consid\u00e9r\u00e9s comme les plus difficiles \u00e0 apprendre en raison de leurs conjugaisons particuli\u00e8res. Ma\u00eetriser les verbes du groupe 3 est un signe de comp\u00e9tence linguistique avanc\u00e9e et permet une expression plus nuanc\u00e9e en fran\u00e7ais.<\/p><p class=\"has-brown-color has-text-color has-link-color wp-elements-d25b1125dd68017b67920c0a36f758c8\">Alors, qu&#8217;avons-nous appris sur les verbes fran\u00e7ais ? Que le groupe 1 est comme la star de cin\u00e9ma, toujours sous les projecteurs, tandis que le groupe 2 est le bon copain qui vous surprend avec ses talents cach\u00e9s. Quant au groupe 3, c&#8217;est comme un tour de magie : myst\u00e9rieux, mais captivant.<\/p><p class=\"has-brown-color has-text-color has-link-color wp-elements-0621d459da570fcd112a8a11ecf0a191\">Maintenant que vous avez explor\u00e9 les nuances des trois groupes verbaux, il est temps de passer \u00e0 l&#8217;action ! Lancez-vous dans l&#8217;aventure linguistique, conjuguez avec audace et faites danser les mots sur votre langue.<\/p><p class=\"has-brown-color has-text-color has-link-color wp-elements-c7d301b707b257ef1515ecdf189a1d96\">Pr\u00eat \u00e0 ma\u00eetriser les verbes fran\u00e7ais comme un pro ? Mettez-vous au d\u00e9fi d\u00e8s aujourd&#8217;hui ! Plongez dans la magie des conjugaisons, explorez les subtilit\u00e9s de la langue et laissez votre cr\u00e9ativit\u00e9 s&#8217;exprimer. C&#8217;est parti, \u00e0 vos verbes ! \ud83d\ude80<\/p><p>Dac\u0103 \u00ee\u021bi plac lec\u021biile mele \u0219i vrei s\u0103 m\u0103 sus\u021bii, \u00eemi po\u021bi oferi o cafea virtual\u0103 aici: <a href=\"https:\/\/buymeacoffee.com\/georgiana20\">Buy Me a Coffee<\/a> \u2615.<\/p>","protected":false},"excerpt":{"rendered":"<p>Dans la trame de la langue fran\u00e7aise, les verbes repr\u00e9sentent les fils qui donnent vie \u00e0 chaque expression et chaque dialogue. Dans cet article, nous [&hellip;]<\/p>\n","protected":false},"author":1,"featured_media":350,"comment_status":"open","ping_status":"open","sticky":false,"template":"","format":"standard","meta":{"om_disable_all_campaigns":false,"pmpro_default_level":"","_monsterinsights_skip_tracking":false,"_monsterinsights_sitenote_active":false,"_monsterinsights_sitenote_note":"","_monsterinsights_sitenote_category":0,"_uf_show_specific_survey":0,"_uf_disable_surveys":false,"_jetpack_memberships_contains_paid_content":false,"footnotes":""},"categories":[12],"tags":[],"class_list":["post-341","post","type-post","status-publish","format-standard","has-post-thumbnail","hentry","category-fara-categorie-fr","pmpro-has-access"],"aioseo_notices":[],"jetpack_sharing_enabled":true,"jetpack_featured_media_url":"https:\/\/geoisteaching.com\/wp-content\/uploads\/2024\/05\/micheile-henderson-tCBJQSj11os-unsplash-scaled.jpg","_links":{"self":[{"href":"https:\/\/geoisteaching.com\/index.php?rest_route=\/wp\/v2\/posts\/341","targetHints":{"allow":["GET"]}}],"collection":[{"href":"https:\/\/geoisteaching.com\/index.php?rest_route=\/wp\/v2\/posts"}],"about":[{"href":"https:\/\/geoisteaching.com\/index.php?rest_route=\/wp\/v2\/types\/post"}],"author":[{"embeddable":true,"href":"https:\/\/geoisteaching.com\/index.php?rest_route=\/wp\/v2\/users\/1"}],"replies":[{"embeddable":true,"href":"https:\/\/geoisteaching.com\/index.php?rest_route=%2Fwp%2Fv2%2Fcomments&post=341"}],"version-history":[{"count":7,"href":"https:\/\/geoisteaching.com\/index.php?rest_route=\/wp\/v2\/posts\/341\/revisions"}],"predecessor-version":[{"id":1150,"href":"https:\/\/geoisteaching.com\/index.php?rest_route=\/wp\/v2\/posts\/341\/revisions\/1150"}],"wp:featuredmedia":[{"embeddable":true,"href":"https:\/\/geoisteaching.com\/index.php?rest_route=\/wp\/v2\/media\/350"}],"wp:attachment":[{"href":"https:\/\/geoisteaching.com\/index.php?rest_route=%2Fwp%2Fv2%2Fmedia&parent=341"}],"wp:term":[{"taxonomy":"category","embeddable":true,"href":"https:\/\/geoisteaching.com\/index.php?rest_route=%2Fwp%2Fv2%2Fcategories&post=341"},{"taxonomy":"post_tag","embeddable":true,"href":"https:\/\/geoisteaching.com\/index.php?rest_route=%2Fwp%2Fv2%2Ftags&post=341"}],"curies":[{"name":"wp","href":"https:\/\/api.w.org\/{rel}","templated":true}]}}