{"id":313,"date":"2024-04-30T13:22:10","date_gmt":"2024-04-30T13:22:10","guid":{"rendered":"https:\/\/geoisteaching.com\/?p=313"},"modified":"2024-04-30T14:51:52","modified_gmt":"2024-04-30T14:51:52","slug":"guide-pour-apprendre-les-verbes-en-francais-du-debutant-au-maitre","status":"publish","type":"post","link":"https:\/\/geoisteaching.com\/?p=313","title":{"rendered":"Guide pour Apprendre les Verbes en Fran\u00e7ais : Du D\u00e9butant au Ma\u00eetre"},"content":{"rendered":"<p class=\"has-brown-color has-text-color has-link-color wp-elements-c91ac9bee89acbc7b4bac3ed7bb014cc\">Que vous soyez un d\u00e9butant en fran\u00e7ais ou que vous souhaitiez perfectionner votre ma\u00eetrise des temps verbaux, cet article vous guidera \u00e0 travers les nuances du plus-que-parfait, du pass\u00e9 compos\u00e9, de l&#8217;imparfait, du pr\u00e9sent, du futur proche et du futur simple. Pour les d\u00e9butants roumains, apprendre ces temps verbaux peut sembler intimidant au d\u00e9but, mais avec une approche m\u00e9thodique, vous pouvez rapidement progresser.<\/p><p class=\"has-brown-color has-text-color has-link-color wp-elements-c354ced446012ca77b67c841446adf9f\"><\/p><p class=\"has-brown-color has-text-color has-link-color wp-elements-2d4d67c99224074b196385ec4eafe74c\">Premi\u00e8rement, il faut savoir l&#8217;ordre temporelle de ces temps de l&#8217;indicatif :<\/p><p class=\"has-brown-color has-text-color has-link-color wp-elements-accfc7de4982a1655fb52a7567c2e329\">plus-que-parfait &#8211;&gt; imparfait &#8211;&gt; pass\u00e9 compos\u00e9 &#8211;&gt; pr\u00e9sent &#8211;&gt; futur proche &#8211;&gt; futur simple<\/p><p><\/p><p class=\"has-brown-color has-text-color has-link-color wp-elements-c64c8ca507e19dfe655a859957a2562d\">*** il y en a aussi le pass\u00e9 simple et ant\u00e9rieur, mais on ne les retrouve que dans les r\u00e9cits et le futur et ant\u00e9rieur, qui n&#8217;est pas employ\u00e9 si souvent que les autres, alors on n&#8217;insiste pas sur ceux-ci, on reviendra une autre fois pour les expliquer un peu.<\/p><h3 class=\"wp-block-heading\">1. Le Plus-que-parfait (temps compos\u00e9, alors il s&#8217;agit de deux mots &#8211; le premier = l&#8217;auxiliaire &#8221;\u00eatre&#8221; ou &#8221;avoir&#8221; conjugu\u00e9 \u00e0 l&#8217;imparfait + le deuxi\u00e8me mot = le particip\u00e9 pass\u00e9 du verbe \u00e0 conjuguer) ;<\/h3><p class=\"has-brown-color has-text-color has-link-color wp-elements-c3b01d6d500c9b2b87fb47f5ff5935b8\">Le plus-que-parfait est utilis\u00e9 pour exprimer une action pass\u00e9e ant\u00e9rieure \u00e0 une autre action pass\u00e9e. Alors, l\u00e0 il s&#8217;agit de deux actions. En roumain, cela correspond au &#8222;mai mult ca perfect&#8221;. Par exemple, &#8222;J&#8217;avais d\u00e9j\u00e0 mang\u00e9 quand tu es arriv\u00e9.&#8221; (M\u00e2ncasem deja c\u00e2nd tu ai sosit.) En fran\u00e7ais, vous pouvez former le plus-que-parfait en utilisant l&#8217;imparfait de l&#8217;auxiliaire &#8222;avoir&#8221; ou &#8222;\u00eatre&#8221; suivi du participe pass\u00e9 du verbe.<\/p><h3 class=\"wp-block-heading\">2. Le Pass\u00e9 Compos\u00e9 (temps compos\u00e9, alors il s&#8217;agit de deux mots &#8211; le premier = l&#8217;auxiliaire &#8221;\u00eatre&#8221; ou &#8221;avoir&#8221; conjugu\u00e9 au pr\u00e9sent + le deuxi\u00e8me mot = le particip\u00e9 pass\u00e9 du verbe \u00e0 conjuguer) ;<\/h3><p class=\"has-brown-color has-text-color has-link-color wp-elements-433b954ec2243a6d8cfcfa85193903c8\">Le pass\u00e9 compos\u00e9 est le temps verbal le plus couramment utilis\u00e9 pour parler d&#8217;actions pass\u00e9es dans le fran\u00e7ais parl\u00e9. L&#8217;action d\u00e9crite a eu place et s&#8217;est \u00e9coul\u00e9e dans le pass\u00e9. Celle-ci est finie, c&#8217;est un action simple, non r\u00e9p\u00e9titive. En roumain, cela correspond au &#8222;trecutul compus&#8221;. Par exemple, &#8222;Hier, j&#8217;ai mang\u00e9 une pizza.&#8221; (Ieri am m\u00e2ncat o pizza). Il se forme en utilisant l&#8217;auxiliaire &#8222;avoir&#8221; ou &#8222;\u00eatre&#8221; conjugu\u00e9 au pr\u00e9sent suivi du participe pass\u00e9 du verbe.<\/p><h3 class=\"wp-block-heading\">3. L&#8217;Imparfait (temps simple, alors il s&#8217;agit d&#8217;un seul mot, mais il faut retenir ces terminaisons : -ais, -ais, -ait, -ions, -iez, -aient) ;<\/h3><p class=\"has-brown-color has-text-color has-link-color wp-elements-c75c746c637bab8010960287e663a6c5\">L&#8217;imparfait est utilis\u00e9 pour d\u00e9crire des actions habituelles ou en cours dans le pass\u00e9, ainsi que pour d\u00e9crire une sc\u00e8ne dans le pass\u00e9. En roumain, cela \u00e9quivaut \u00e0 &#8222;imperfect&#8221;. Par exemple, &#8222;Quand j&#8217;\u00e9tais jeune, je jouais souvent au football.&#8221; (C\u00e2nd eram mic, m\u0103 jucam adesea fotbal.) Il se forme en ajoutant les terminaisons de l&#8217;imparfait aux racines verbales.<\/p><h3 class=\"wp-block-heading\">4. Le Pr\u00e9sent (temps simple, alors il s&#8217;agit d&#8217;un seul mot, mais il faut retenir ces terminaisons : Ier groupe : -e, -es, -e, -ons, -ez, -ent, II\u00e8me groupe : -is, -is, -it, -issons, -issez, -issent, III\u00e8me groupe : -s, -s, -t, -ons, -ez, -ent) ;<\/h3><p class=\"has-brown-color has-text-color has-link-color wp-elements-b376c22e0b9d6cbc7bb894977b04a599\">Le pr\u00e9sent est le temps verbal le plus basique et le plus couramment utilis\u00e9 en fran\u00e7ais. Il est utilis\u00e9 pour d\u00e9crire des actions qui se d\u00e9roulent dans le pr\u00e9sent &#8211; des actions habituelles, des v\u00e9rit\u00e9s g\u00e9n\u00e9rales, ou des \u00e9v\u00e9nements actuels. En roumain, cela correspond au &#8222;prezentul simplu&#8221;. Par exemple, &#8222;Je mange une pomme.&#8221; (M\u0103n\u00e2nc un m\u0103r). Les verbes au pr\u00e9sent ont des conjugaisons diff\u00e9rentes selon leur groupe. On reviendra pour approfondir le pr\u00e9sent et les groupes verbaux.<\/p><h3 class=\"wp-block-heading\">5. Le Futur Proche (temps compos\u00e9, alors il s&#8217;agit de deux mots &#8211; le premier = le verbe &#8221;aller&#8221;conjugu\u00e9 au pr\u00e9sent + le deuxi\u00e8me mot = l&#8217;infinitf du verbe \u00e0 conjuguer) ;<\/h3><p class=\"has-brown-color has-text-color has-link-color wp-elements-0dd2e41a6cdbb548871b6725ce3d3377\">Le futur proche est utilis\u00e9 pour d\u00e9crire des actions qui se produiront dans un avenir proche. En roumain, cela peut \u00eatre exprim\u00e9 avec des constructions similaires. Par exemple, &#8222;Je vais manger au restaurant demain.&#8221; (O s\u0103 m\u0103n\u00e2nc la restaurant m\u00e2ine). Il se forme en conjuguant le verbe &#8222;aller&#8221; (a merge) au pr\u00e9sent (je vais, tu vas, il\/ elle va, nous allons, vous allez, ils\/ elles vont) suivi de l&#8217;infinitif du verbe principal.<\/p><h3 class=\"wp-block-heading\">6. Le Futur Simple (temps simple, alors il s&#8217;agit d&#8217;un seul mot, mais il faut retenir ces terminaisons : -ai, -as, -a, -ons, -ez, -ont).<\/h3><p class=\"has-brown-color has-text-color has-link-color wp-elements-e4171cce19fcd70c16974da1a4c50420\">Le futur simple est utilis\u00e9 pour d\u00e9crire des actions qui auront lieu dans un futur un peu plus \u00e9loign\u00e9. En roumain, cela correspond au &#8222;viitorul simplu&#8221;. Par exemple, &#8222;La semaine prochaine, je mangerai au restaurant.&#8221; (S\u0103pt\u0103m\u00e2na viitoare, voi m\u00e2nca la restaurant). Il se forme en ajoutant au verbe \u00e0 l&#8217;indicatif les terminaisons du futur simple.<\/p><p>Pour conclure :<\/p><p>Pour le pass\u00e9, il y a deux temps compos\u00e9s : le plus-que-parfait et le pass\u00e9 compos\u00e9, qui sont form\u00e9s de deux mots chacun, la seule diff\u00e9rence \u00e9tant l&#8217;auxiliaire &#8222;\u00eatre&#8221; ou &#8222;avoir&#8221;, qui, pour le p.-q.-p. se conjugue \u00e0 l&#8217;imparfait, alors que pour le p.c. se conjugue au pr\u00e9sent. Ils ont en commun le deuxi\u00e8me mot, qui est la participe pass\u00e9 du verbe \u00e0 conjuguer. <\/p><p><\/p><p>Pour le futur, il y a un seul temps compos\u00e9 : le futur proche. <\/p><p>Le reste des temps de l&#8217;indicatif (dont on a parl\u00e9 aujourd&#8217;hui) sont simples. <\/p><p class=\"has-brown-color has-text-color has-link-color wp-elements-edc31b2ae8fd1cab762cde969f79d5b3\">Soyez \u00e0 l&#8217;aff\u00fbt pour la suite de notre s\u00e9rie ! Dans les prochains articles, je plongerai dans les subtilit\u00e9s des participes pass\u00e9s, des groupes de verbes et bien plus encore. Pr\u00e9parez-vous \u00e0 explorer ces nuances linguistiques avec moi !<\/p><p class=\"has-brown-color has-text-color has-link-color wp-elements-c68817206aca82108b0eda4d4b0046ef\">En attendant, pourquoi ne pas vous lancer dans une pratique ludique ? D\u00e9fiez-vous de cr\u00e9er des phrases loufoques (ou pas) en utilisant les temps verbaux que nous avons explor\u00e9s aujourd&#8217;hui. Que ce soit une histoire absurde, un dialogue comique, ou un email professionnel, laissez libre cours \u00e0 votre imagination et \u00e0 votre cr\u00e9ativit\u00e9 !<\/p><p class=\"has-brown-color has-text-color has-link-color wp-elements-c9c5b062f5070298c55205cb7c26213f\">Continuez \u00e0 apprendre, \u00e0 explorer et \u00e0 vous amuser avec la langue fran\u00e7aise. Et n&#8217;oubliez pas de revenir pour la prochaine partie de notre aventure verbale !<\/p><p class=\"has-brown-color has-text-color has-link-color wp-elements-539dd2215ee6d6dc57884a4d8bf50887\">\u00c0 bient\u00f4t pour de nouvelles d\u00e9couvertes linguistiques ! \ud83d\ude80<\/p>","protected":false},"excerpt":{"rendered":"<p>Que vous soyez un d\u00e9butant en fran\u00e7ais ou que vous souhaitiez perfectionner votre ma\u00eetrise des temps verbaux, cet article vous guidera \u00e0 travers les nuances [&hellip;]<\/p>\n","protected":false},"author":1,"featured_media":314,"comment_status":"open","ping_status":"open","sticky":false,"template":"","format":"standard","meta":{"om_disable_all_campaigns":false,"pmpro_default_level":"","_monsterinsights_skip_tracking":false,"_monsterinsights_sitenote_active":false,"_monsterinsights_sitenote_note":"","_monsterinsights_sitenote_category":0,"_uf_show_specific_survey":0,"_uf_disable_surveys":false,"_jetpack_memberships_contains_paid_content":false,"footnotes":""},"categories":[12],"tags":[],"class_list":["post-313","post","type-post","status-publish","format-standard","has-post-thumbnail","hentry","category-fara-categorie-fr","pmpro-has-access"],"aioseo_notices":[],"jetpack_sharing_enabled":true,"jetpack_featured_media_url":"https:\/\/geoisteaching.com\/wp-content\/uploads\/2024\/04\/howard-bouchevereau-rwGAeiVPd2E-unsplash-scaled.jpg","_links":{"self":[{"href":"https:\/\/geoisteaching.com\/index.php?rest_route=\/wp\/v2\/posts\/313","targetHints":{"allow":["GET"]}}],"collection":[{"href":"https:\/\/geoisteaching.com\/index.php?rest_route=\/wp\/v2\/posts"}],"about":[{"href":"https:\/\/geoisteaching.com\/index.php?rest_route=\/wp\/v2\/types\/post"}],"author":[{"embeddable":true,"href":"https:\/\/geoisteaching.com\/index.php?rest_route=\/wp\/v2\/users\/1"}],"replies":[{"embeddable":true,"href":"https:\/\/geoisteaching.com\/index.php?rest_route=%2Fwp%2Fv2%2Fcomments&post=313"}],"version-history":[{"count":7,"href":"https:\/\/geoisteaching.com\/index.php?rest_route=\/wp\/v2\/posts\/313\/revisions"}],"predecessor-version":[{"id":324,"href":"https:\/\/geoisteaching.com\/index.php?rest_route=\/wp\/v2\/posts\/313\/revisions\/324"}],"wp:featuredmedia":[{"embeddable":true,"href":"https:\/\/geoisteaching.com\/index.php?rest_route=\/wp\/v2\/media\/314"}],"wp:attachment":[{"href":"https:\/\/geoisteaching.com\/index.php?rest_route=%2Fwp%2Fv2%2Fmedia&parent=313"}],"wp:term":[{"taxonomy":"category","embeddable":true,"href":"https:\/\/geoisteaching.com\/index.php?rest_route=%2Fwp%2Fv2%2Fcategories&post=313"},{"taxonomy":"post_tag","embeddable":true,"href":"https:\/\/geoisteaching.com\/index.php?rest_route=%2Fwp%2Fv2%2Ftags&post=313"}],"curies":[{"name":"wp","href":"https:\/\/api.w.org\/{rel}","templated":true}]}}